{"id":94638,"date":"2025-02-27T08:33:52","date_gmt":"2025-02-27T07:33:52","guid":{"rendered":"https:\/\/fvz.upr.si\/delegacija-up-obiskala-univerzo-v-trstu\/"},"modified":"2025-02-27T13:32:55","modified_gmt":"2025-02-27T12:32:55","slug":"delegacija-up-obiskala-univerzo-v-trstu","status":"publish","type":"post","link":"https:\/\/fvz.upr.si\/en\/delegacija-up-obiskala-univerzo-v-trstu\/","title":{"rendered":"Delegacija UP obiskala Univerzo v Trstu"},"content":{"rendered":"<p>[et_pb_section fb_built=&#8221;1&#8243; _builder_version=&#8221;4.23.1&#8243; _module_preset=&#8221;default&#8221; global_colors_info=&#8221;{}&#8221;][et_pb_row _builder_version=&#8221;4.23.1&#8243; _module_preset=&#8221;default&#8221; global_colors_info=&#8221;{}&#8221;][et_pb_column type=&#8221;4_4&#8243; _builder_version=&#8221;4.23.1&#8243; _module_preset=&#8221;default&#8221; global_colors_info=&#8221;{}&#8221;][et_pb_accordion _builder_version=&#8221;4.27.4&#8243; _module_preset=&#8221;default&#8221; hover_enabled=&#8221;0&#8243; global_colors_info=&#8221;{}&#8221; sticky_enabled=&#8221;0&#8243;][et_pb_accordion_item open=&#8221;on&#8221; _builder_version=&#8221;4.27.4&#8243; _module_preset=&#8221;default&#8221; hover_enabled=&#8221;0&#8243; global_colors_info=&#8221;{}&#8221; sticky_enabled=&#8221;0&#8243;]<\/p>\n<p>V sredo, 26. 2. 2025, so rektorica Univerze na Primorskem, prof. dr. Klavdija Kutnar, Ale\u0161 Oven, pomo\u010dnik rektorice UP, dekan UP Fakultete za vede o zdravju, prof. dr. Nejc \u0160arabon, asist. Jakob Renko in Andreja Brecelj, vodja Slu\u017ebe za znanstvenoraziskovalno dejavnost in mednarodno sodelovanje UP FVZ obiskali Oddelek za medicino, kirurgijo in zdravstvene vede (Department of Medicine, Surgery and Health Sciences) na Univerzi v Trstu (Universit\u00e0 degli Studi di Trieste), ki je prav tako \u010dlanica Transform4Europe. Namen obiska je bil poglobitev sodelovanja med Univerzo na Primorskem in omenjeno institucijo.<\/p>\n<p>Na skupnem sestanku so razpravljali o teko\u010dih pripravah na vzpostavitev \u0161tudijskega programa Medicina na Univerzi na Primorskem ter o nadaljnjem sodelovanju pri njegovem razvoju. Poleg tega so predstavniki obeh institucij govorili tudi o drugih oblikah sodelovanja med Univerzo na Primorskem, zlasti UP Fakulteto za vede o zdravju in Univerzo v Trstu.<\/p>\n<p>Sre\u010danje je predstavljalo pomemben korak k mednarodnemu povezovanju in izmenjavi znanja med institucijama, s ciljem zagotavljanja kakovostnega visoko\u0161olskega izobra\u017eevanja na podro\u010dju zdravstva in medicine.<\/p>\n<p>[\/et_pb_accordion_item][\/et_pb_accordion][et_pb_gallery gallery_ids=&#8221;94625,94627,94629,94631&#8243; show_title_and_caption=&#8221;off&#8221; show_pagination=&#8221;off&#8221; _builder_version=&#8221;4.27.4&#8243; _module_preset=&#8221;default&#8221; global_colors_info=&#8221;{}&#8221;][\/et_pb_gallery][\/et_pb_column][\/et_pb_row][\/et_pb_section]<\/p>\n","protected":false},"excerpt":{"rendered":"<p>V sredo, 26. 2. 2025, so rektorica Univerze na Primorskem, prof. dr. Klavdija Kutnar, Ale\u0161 Oven, pomo\u010dnik rektorice UP, dekan UP Fakultete za vede o zdravju, prof. dr. Nejc \u0160arabon, [&hellip;]<\/p>\n","protected":false},"author":16,"featured_media":94632,"comment_status":"closed","ping_status":"closed","sticky":false,"template":"","format":"standard","meta":{"_et_pb_use_builder":"on","_et_pb_old_content":"","_et_gb_content_width":"","_price":"","_stock":"","_tribe_ticket_header":"","_tribe_default_ticket_provider":"","_tribe_ticket_capacity":"0","_ticket_start_date":"","_ticket_end_date":"","_tribe_ticket_show_description":"","_tribe_ticket_show_not_going":false,"_tribe_ticket_use_global_stock":"","_tribe_ticket_global_stock_level":"","_global_stock_mode":"","_global_stock_cap":"","_tribe_rsvp_for_event":"","_tribe_ticket_going_count":"","_tribe_ticket_not_going_count":"","_tribe_tickets_list":"[]","_tribe_ticket_has_attendee_info_fields":false,"footnotes":""},"categories":[107],"tags":[],"class_list":["post-94638","post","type-post","status-publish","format-standard","has-post-thumbnail","hentry","category-news"],"yoast_head":"<!-- This site is optimized with the Yoast SEO plugin v27.4 - https:\/\/yoast.com\/product\/yoast-seo-wordpress\/ -->\n<title>Delegacija UP obiskala Univerzo v Trstu - Fakulteta za vede o zdravju<\/title>\n<meta name=\"robots\" content=\"index, follow, max-snippet:-1, max-image-preview:large, max-video-preview:-1\" \/>\n<link rel=\"canonical\" href=\"https:\/\/fvz.upr.si\/en\/delegacija-up-obiskala-univerzo-v-trstu\/\" \/>\n<meta property=\"og:locale\" content=\"en_US\" \/>\n<meta property=\"og:type\" content=\"article\" \/>\n<meta property=\"og:title\" content=\"Delegacija UP obiskala Univerzo v Trstu - Fakulteta za vede o zdravju\" \/>\n<meta property=\"og:description\" content=\"V sredo, 26. 2. 2025, so rektorica Univerze na Primorskem, prof. dr. Klavdija Kutnar, Ale\u0161 Oven, pomo\u010dnik rektorice UP, dekan UP Fakultete za vede o zdravju, prof. dr. Nejc \u0160arabon, [&hellip;]\" \/>\n<meta property=\"og:url\" content=\"https:\/\/fvz.upr.si\/en\/delegacija-up-obiskala-univerzo-v-trstu\/\" \/>\n<meta property=\"og:site_name\" content=\"Fakulteta za vede o zdravju\" \/>\n<meta property=\"article:published_time\" content=\"2025-02-27T07:33:52+00:00\" \/>\n<meta property=\"article:modified_time\" content=\"2025-02-27T12:32:55+00:00\" \/>\n<meta property=\"og:image\" content=\"https:\/\/fvz.upr.si\/wp-content\/uploads\/2025\/02\/20250226_110038-scaled.jpg\" \/>\n\t<meta property=\"og:image:width\" content=\"3000\" \/>\n\t<meta property=\"og:image:height\" content=\"1748\" \/>\n\t<meta property=\"og:image:type\" content=\"image\/jpeg\" \/>\n<meta name=\"author\" content=\"Eva\" \/>\n<meta name=\"twitter:card\" content=\"summary_large_image\" \/>\n<meta name=\"twitter:label1\" content=\"Written by\" \/>\n\t<meta name=\"twitter:data1\" content=\"Eva\" \/>\n\t<meta name=\"twitter:label2\" content=\"Est. reading time\" \/>\n\t<meta name=\"twitter:data2\" content=\"2 minutes\" \/>\n<script type=\"application\/ld+json\" class=\"yoast-schema-graph\">{\"@context\":\"https:\\\/\\\/schema.org\",\"@graph\":[{\"@type\":\"Article\",\"@id\":\"https:\\\/\\\/fvz.upr.si\\\/en\\\/delegacija-up-obiskala-univerzo-v-trstu\\\/#article\",\"isPartOf\":{\"@id\":\"https:\\\/\\\/fvz.upr.si\\\/en\\\/delegacija-up-obiskala-univerzo-v-trstu\\\/\"},\"author\":{\"name\":\"Eva\",\"@id\":\"https:\\\/\\\/fvz.upr.si\\\/#\\\/schema\\\/person\\\/e9076f4139a8aa47ca807ab0cf5b11f8\"},\"headline\":\"Delegacija UP obiskala Univerzo v Trstu\",\"datePublished\":\"2025-02-27T07:33:52+00:00\",\"dateModified\":\"2025-02-27T12:32:55+00:00\",\"mainEntityOfPage\":{\"@id\":\"https:\\\/\\\/fvz.upr.si\\\/en\\\/delegacija-up-obiskala-univerzo-v-trstu\\\/\"},\"wordCount\":284,\"publisher\":{\"@id\":\"https:\\\/\\\/fvz.upr.si\\\/#organization\"},\"image\":{\"@id\":\"https:\\\/\\\/fvz.upr.si\\\/en\\\/delegacija-up-obiskala-univerzo-v-trstu\\\/#primaryimage\"},\"thumbnailUrl\":\"https:\\\/\\\/fvz.upr.si\\\/wp-content\\\/uploads\\\/2025\\\/02\\\/20250226_110038-scaled.jpg\",\"articleSection\":[\"news\"],\"inLanguage\":\"en-US\"},{\"@type\":\"WebPage\",\"@id\":\"https:\\\/\\\/fvz.upr.si\\\/en\\\/delegacija-up-obiskala-univerzo-v-trstu\\\/\",\"url\":\"https:\\\/\\\/fvz.upr.si\\\/en\\\/delegacija-up-obiskala-univerzo-v-trstu\\\/\",\"name\":\"Delegacija UP obiskala Univerzo v Trstu - Fakulteta za vede o zdravju\",\"isPartOf\":{\"@id\":\"https:\\\/\\\/fvz.upr.si\\\/#website\"},\"primaryImageOfPage\":{\"@id\":\"https:\\\/\\\/fvz.upr.si\\\/en\\\/delegacija-up-obiskala-univerzo-v-trstu\\\/#primaryimage\"},\"image\":{\"@id\":\"https:\\\/\\\/fvz.upr.si\\\/en\\\/delegacija-up-obiskala-univerzo-v-trstu\\\/#primaryimage\"},\"thumbnailUrl\":\"https:\\\/\\\/fvz.upr.si\\\/wp-content\\\/uploads\\\/2025\\\/02\\\/20250226_110038-scaled.jpg\",\"datePublished\":\"2025-02-27T07:33:52+00:00\",\"dateModified\":\"2025-02-27T12:32:55+00:00\",\"breadcrumb\":{\"@id\":\"https:\\\/\\\/fvz.upr.si\\\/en\\\/delegacija-up-obiskala-univerzo-v-trstu\\\/#breadcrumb\"},\"inLanguage\":\"en-US\",\"potentialAction\":[{\"@type\":\"ReadAction\",\"target\":[\"https:\\\/\\\/fvz.upr.si\\\/en\\\/delegacija-up-obiskala-univerzo-v-trstu\\\/\"]}]},{\"@type\":\"ImageObject\",\"inLanguage\":\"en-US\",\"@id\":\"https:\\\/\\\/fvz.upr.si\\\/en\\\/delegacija-up-obiskala-univerzo-v-trstu\\\/#primaryimage\",\"url\":\"https:\\\/\\\/fvz.upr.si\\\/wp-content\\\/uploads\\\/2025\\\/02\\\/20250226_110038-scaled.jpg\",\"contentUrl\":\"https:\\\/\\\/fvz.upr.si\\\/wp-content\\\/uploads\\\/2025\\\/02\\\/20250226_110038-scaled.jpg\",\"width\":3000,\"height\":1748},{\"@type\":\"BreadcrumbList\",\"@id\":\"https:\\\/\\\/fvz.upr.si\\\/en\\\/delegacija-up-obiskala-univerzo-v-trstu\\\/#breadcrumb\",\"itemListElement\":[{\"@type\":\"ListItem\",\"position\":1,\"name\":\"Home\",\"item\":\"https:\\\/\\\/fvz.upr.si\\\/\"},{\"@type\":\"ListItem\",\"position\":2,\"name\":\"Delegacija UP obiskala Univerzo v Trstu\"}]},{\"@type\":\"WebSite\",\"@id\":\"https:\\\/\\\/fvz.upr.si\\\/#website\",\"url\":\"https:\\\/\\\/fvz.upr.si\\\/\",\"name\":\"Fakulteta za vede o zdravju\",\"description\":\"\u017divljenju dodajamo znanje.\",\"publisher\":{\"@id\":\"https:\\\/\\\/fvz.upr.si\\\/#organization\"},\"potentialAction\":[{\"@type\":\"SearchAction\",\"target\":{\"@type\":\"EntryPoint\",\"urlTemplate\":\"https:\\\/\\\/fvz.upr.si\\\/?s={search_term_string}\"},\"query-input\":{\"@type\":\"PropertyValueSpecification\",\"valueRequired\":true,\"valueName\":\"search_term_string\"}}],\"inLanguage\":\"en-US\"},{\"@type\":\"Organization\",\"@id\":\"https:\\\/\\\/fvz.upr.si\\\/#organization\",\"name\":\"Fakulteta za vede o zdravju\",\"url\":\"https:\\\/\\\/fvz.upr.si\\\/\",\"logo\":{\"@type\":\"ImageObject\",\"inLanguage\":\"en-US\",\"@id\":\"https:\\\/\\\/fvz.upr.si\\\/#\\\/schema\\\/logo\\\/image\\\/\",\"url\":\"https:\\\/\\\/fvz.upr.si\\\/wp-content\\\/uploads\\\/2019\\\/03\\\/UP-FVZ_logo-transparent.png\",\"contentUrl\":\"https:\\\/\\\/fvz.upr.si\\\/wp-content\\\/uploads\\\/2019\\\/03\\\/UP-FVZ_logo-transparent.png\",\"width\":1417,\"height\":792,\"caption\":\"Fakulteta za vede o zdravju\"},\"image\":{\"@id\":\"https:\\\/\\\/fvz.upr.si\\\/#\\\/schema\\\/logo\\\/image\\\/\"}},{\"@type\":\"Person\",\"@id\":\"https:\\\/\\\/fvz.upr.si\\\/#\\\/schema\\\/person\\\/e9076f4139a8aa47ca807ab0cf5b11f8\",\"name\":\"Eva\",\"image\":{\"@type\":\"ImageObject\",\"inLanguage\":\"en-US\",\"@id\":\"https:\\\/\\\/secure.gravatar.com\\\/avatar\\\/3022949c444acfb8153ff60c3b65f26dcb21684a0934f0bc0b5b21039212e2a6?s=96&d=mm&r=g\",\"url\":\"https:\\\/\\\/secure.gravatar.com\\\/avatar\\\/3022949c444acfb8153ff60c3b65f26dcb21684a0934f0bc0b5b21039212e2a6?s=96&d=mm&r=g\",\"contentUrl\":\"https:\\\/\\\/secure.gravatar.com\\\/avatar\\\/3022949c444acfb8153ff60c3b65f26dcb21684a0934f0bc0b5b21039212e2a6?s=96&d=mm&r=g\",\"caption\":\"Eva\"},\"url\":\"https:\\\/\\\/fvz.upr.si\\\/en\\\/author\\\/eva-lesnik\\\/\"}]}<\/script>\n<!-- \/ Yoast SEO plugin. -->","yoast_head_json":{"title":"Delegacija UP obiskala Univerzo v Trstu - Fakulteta za vede o zdravju","robots":{"index":"index","follow":"follow","max-snippet":"max-snippet:-1","max-image-preview":"max-image-preview:large","max-video-preview":"max-video-preview:-1"},"canonical":"https:\/\/fvz.upr.si\/en\/delegacija-up-obiskala-univerzo-v-trstu\/","og_locale":"en_US","og_type":"article","og_title":"Delegacija UP obiskala Univerzo v Trstu - Fakulteta za vede o zdravju","og_description":"V sredo, 26. 2. 2025, so rektorica Univerze na Primorskem, prof. dr. Klavdija Kutnar, Ale\u0161 Oven, pomo\u010dnik rektorice UP, dekan UP Fakultete za vede o zdravju, prof. dr. Nejc \u0160arabon, [&hellip;]","og_url":"https:\/\/fvz.upr.si\/en\/delegacija-up-obiskala-univerzo-v-trstu\/","og_site_name":"Fakulteta za vede o zdravju","article_published_time":"2025-02-27T07:33:52+00:00","article_modified_time":"2025-02-27T12:32:55+00:00","og_image":[{"width":3000,"height":1748,"url":"https:\/\/fvz.upr.si\/wp-content\/uploads\/2025\/02\/20250226_110038-scaled.jpg","type":"image\/jpeg"}],"author":"Eva","twitter_card":"summary_large_image","twitter_misc":{"Written by":"Eva","Est. reading time":"2 minutes"},"schema":{"@context":"https:\/\/schema.org","@graph":[{"@type":"Article","@id":"https:\/\/fvz.upr.si\/en\/delegacija-up-obiskala-univerzo-v-trstu\/#article","isPartOf":{"@id":"https:\/\/fvz.upr.si\/en\/delegacija-up-obiskala-univerzo-v-trstu\/"},"author":{"name":"Eva","@id":"https:\/\/fvz.upr.si\/#\/schema\/person\/e9076f4139a8aa47ca807ab0cf5b11f8"},"headline":"Delegacija UP obiskala Univerzo v Trstu","datePublished":"2025-02-27T07:33:52+00:00","dateModified":"2025-02-27T12:32:55+00:00","mainEntityOfPage":{"@id":"https:\/\/fvz.upr.si\/en\/delegacija-up-obiskala-univerzo-v-trstu\/"},"wordCount":284,"publisher":{"@id":"https:\/\/fvz.upr.si\/#organization"},"image":{"@id":"https:\/\/fvz.upr.si\/en\/delegacija-up-obiskala-univerzo-v-trstu\/#primaryimage"},"thumbnailUrl":"https:\/\/fvz.upr.si\/wp-content\/uploads\/2025\/02\/20250226_110038-scaled.jpg","articleSection":["news"],"inLanguage":"en-US"},{"@type":"WebPage","@id":"https:\/\/fvz.upr.si\/en\/delegacija-up-obiskala-univerzo-v-trstu\/","url":"https:\/\/fvz.upr.si\/en\/delegacija-up-obiskala-univerzo-v-trstu\/","name":"Delegacija UP obiskala Univerzo v Trstu - Fakulteta za vede o zdravju","isPartOf":{"@id":"https:\/\/fvz.upr.si\/#website"},"primaryImageOfPage":{"@id":"https:\/\/fvz.upr.si\/en\/delegacija-up-obiskala-univerzo-v-trstu\/#primaryimage"},"image":{"@id":"https:\/\/fvz.upr.si\/en\/delegacija-up-obiskala-univerzo-v-trstu\/#primaryimage"},"thumbnailUrl":"https:\/\/fvz.upr.si\/wp-content\/uploads\/2025\/02\/20250226_110038-scaled.jpg","datePublished":"2025-02-27T07:33:52+00:00","dateModified":"2025-02-27T12:32:55+00:00","breadcrumb":{"@id":"https:\/\/fvz.upr.si\/en\/delegacija-up-obiskala-univerzo-v-trstu\/#breadcrumb"},"inLanguage":"en-US","potentialAction":[{"@type":"ReadAction","target":["https:\/\/fvz.upr.si\/en\/delegacija-up-obiskala-univerzo-v-trstu\/"]}]},{"@type":"ImageObject","inLanguage":"en-US","@id":"https:\/\/fvz.upr.si\/en\/delegacija-up-obiskala-univerzo-v-trstu\/#primaryimage","url":"https:\/\/fvz.upr.si\/wp-content\/uploads\/2025\/02\/20250226_110038-scaled.jpg","contentUrl":"https:\/\/fvz.upr.si\/wp-content\/uploads\/2025\/02\/20250226_110038-scaled.jpg","width":3000,"height":1748},{"@type":"BreadcrumbList","@id":"https:\/\/fvz.upr.si\/en\/delegacija-up-obiskala-univerzo-v-trstu\/#breadcrumb","itemListElement":[{"@type":"ListItem","position":1,"name":"Home","item":"https:\/\/fvz.upr.si\/"},{"@type":"ListItem","position":2,"name":"Delegacija UP obiskala Univerzo v Trstu"}]},{"@type":"WebSite","@id":"https:\/\/fvz.upr.si\/#website","url":"https:\/\/fvz.upr.si\/","name":"Fakulteta za vede o zdravju","description":"\u017divljenju dodajamo znanje.","publisher":{"@id":"https:\/\/fvz.upr.si\/#organization"},"potentialAction":[{"@type":"SearchAction","target":{"@type":"EntryPoint","urlTemplate":"https:\/\/fvz.upr.si\/?s={search_term_string}"},"query-input":{"@type":"PropertyValueSpecification","valueRequired":true,"valueName":"search_term_string"}}],"inLanguage":"en-US"},{"@type":"Organization","@id":"https:\/\/fvz.upr.si\/#organization","name":"Fakulteta za vede o zdravju","url":"https:\/\/fvz.upr.si\/","logo":{"@type":"ImageObject","inLanguage":"en-US","@id":"https:\/\/fvz.upr.si\/#\/schema\/logo\/image\/","url":"https:\/\/fvz.upr.si\/wp-content\/uploads\/2019\/03\/UP-FVZ_logo-transparent.png","contentUrl":"https:\/\/fvz.upr.si\/wp-content\/uploads\/2019\/03\/UP-FVZ_logo-transparent.png","width":1417,"height":792,"caption":"Fakulteta za vede o zdravju"},"image":{"@id":"https:\/\/fvz.upr.si\/#\/schema\/logo\/image\/"}},{"@type":"Person","@id":"https:\/\/fvz.upr.si\/#\/schema\/person\/e9076f4139a8aa47ca807ab0cf5b11f8","name":"Eva","image":{"@type":"ImageObject","inLanguage":"en-US","@id":"https:\/\/secure.gravatar.com\/avatar\/3022949c444acfb8153ff60c3b65f26dcb21684a0934f0bc0b5b21039212e2a6?s=96&d=mm&r=g","url":"https:\/\/secure.gravatar.com\/avatar\/3022949c444acfb8153ff60c3b65f26dcb21684a0934f0bc0b5b21039212e2a6?s=96&d=mm&r=g","contentUrl":"https:\/\/secure.gravatar.com\/avatar\/3022949c444acfb8153ff60c3b65f26dcb21684a0934f0bc0b5b21039212e2a6?s=96&d=mm&r=g","caption":"Eva"},"url":"https:\/\/fvz.upr.si\/en\/author\/eva-lesnik\/"}]}},"_links":{"self":[{"href":"https:\/\/fvz.upr.si\/en\/wp-json\/wp\/v2\/posts\/94638","targetHints":{"allow":["GET"]}}],"collection":[{"href":"https:\/\/fvz.upr.si\/en\/wp-json\/wp\/v2\/posts"}],"about":[{"href":"https:\/\/fvz.upr.si\/en\/wp-json\/wp\/v2\/types\/post"}],"author":[{"embeddable":true,"href":"https:\/\/fvz.upr.si\/en\/wp-json\/wp\/v2\/users\/16"}],"replies":[{"embeddable":true,"href":"https:\/\/fvz.upr.si\/en\/wp-json\/wp\/v2\/comments?post=94638"}],"version-history":[{"count":3,"href":"https:\/\/fvz.upr.si\/en\/wp-json\/wp\/v2\/posts\/94638\/revisions"}],"predecessor-version":[{"id":94699,"href":"https:\/\/fvz.upr.si\/en\/wp-json\/wp\/v2\/posts\/94638\/revisions\/94699"}],"wp:featuredmedia":[{"embeddable":true,"href":"https:\/\/fvz.upr.si\/en\/wp-json\/wp\/v2\/media\/94632"}],"wp:attachment":[{"href":"https:\/\/fvz.upr.si\/en\/wp-json\/wp\/v2\/media?parent=94638"}],"wp:term":[{"taxonomy":"category","embeddable":true,"href":"https:\/\/fvz.upr.si\/en\/wp-json\/wp\/v2\/categories?post=94638"},{"taxonomy":"post_tag","embeddable":true,"href":"https:\/\/fvz.upr.si\/en\/wp-json\/wp\/v2\/tags?post=94638"}],"curies":[{"name":"wp","href":"https:\/\/api.w.org\/{rel}","templated":true}]}}