{"id":50059,"date":"2023-05-17T10:00:07","date_gmt":"2023-05-17T08:00:07","guid":{"rendered":"https:\/\/fvz.upr.si\/?p=50059"},"modified":"2023-08-03T15:33:32","modified_gmt":"2023-08-03T13:33:32","slug":"invitation-to-lectures-by-guest-lecturers-nenad-nedovic-and-danilo-vujicic","status":"publish","type":"post","link":"https:\/\/fvz.upr.si\/en\/invitation-to-lectures-by-guest-lecturers-nenad-nedovic-and-danilo-vujicic\/","title":{"rendered":"Invitation to lectures by guest lecturers Nenad Nedovi\u0107 and Danilo Vuji\u010di\u0107"},"content":{"rendered":"<p>[et_pb_section fb_built=&#8221;1&#8243; _builder_version=&#8221;4.17.4&#8243; _module_preset=&#8221;default&#8221; global_colors_info=&#8221;{}&#8221; theme_builder_area=&#8221;post_content&#8221;][et_pb_row _builder_version=&#8221;4.17.4&#8243; _module_preset=&#8221;default&#8221; global_colors_info=&#8221;{}&#8221; theme_builder_area=&#8221;post_content&#8221;][et_pb_column type=&#8221;4_4&#8243; _builder_version=&#8221;4.17.4&#8243; _module_preset=&#8221;default&#8221; global_colors_info=&#8221;{}&#8221; theme_builder_area=&#8221;post_content&#8221;][et_pb_text _builder_version=&#8221;4.21.0&#8243; _module_preset=&#8221;default&#8221; hover_enabled=&#8221;0&#8243; global_colors_info=&#8221;{}&#8221; theme_builder_area=&#8221;post_content&#8221; sticky_enabled=&#8221;0&#8243;]<\/p>\n<p>We invite you to a lecture by guest lecturers <b>Nenad Nedovi\u0107 <\/b>and <b>Danilo Vuji\u010di\u0107 <\/b>from <b><span class=\"WdYUQQ\">The Academy of Applied Technical Studies, Belgrade.<\/span><\/b><\/p>\n<p><b>Nenad Nedovi\u0107 <\/b>will present the topic: <span style=\"color: #ff0000;\"><b>Joint stabilization through exercise<\/b><\/span><\/p>\n<ul>\n<li><b>Wednesday, 31 May 2023<\/b><\/li>\n<li><b>From 12.00 to 13.00<\/b><\/li>\n<li><b>Lecture room OMEGA (Livade)<\/b><\/li>\n<\/ul>\n<p>and<\/p>\n<p><b>Danilo Vuji\u010di\u0107 <\/b>will present the topic: <strong><span style=\"color: #ff0000;\">Use of kinesiometric platforms for balance assessment<\/span><\/strong><\/p>\n<ul>\n<li><b>Wednesday, 31 May 2023<\/b><\/li>\n<li><b>From 13.15 to 16.00<\/b><\/li>\n<li><b>Lecture room OMEGA (Livade)<\/b><b><\/b><\/li>\n<\/ul>\n<p><span style=\"color: #ff0000;\"><strong>Lectures will be held in English.<\/strong><\/span><\/p>\n<p>[\/et_pb_text][\/et_pb_column][\/et_pb_row][\/et_pb_section]<\/p>\n","protected":false},"excerpt":{"rendered":"<p>We invite you to a lecture by guest lecturers Nenad Nedovi\u0107 and Danilo Vuji\u010di\u0107 from The Academy of Applied Technical Studies, Belgrade. Nenad Nedovi\u0107 will present the topic: Joint stabilization [&hellip;]<\/p>\n","protected":false},"author":16,"featured_media":50064,"comment_status":"closed","ping_status":"closed","sticky":false,"template":"","format":"standard","meta":{"_et_pb_use_builder":"on","_et_pb_old_content":"","_et_gb_content_width":"","_price":"","_stock":"","_tribe_ticket_header":"","_tribe_default_ticket_provider":"","_tribe_ticket_capacity":"0","_ticket_start_date":"","_ticket_end_date":"","_tribe_ticket_show_description":"","_tribe_ticket_show_not_going":false,"_tribe_ticket_use_global_stock":"","_tribe_ticket_global_stock_level":"","_global_stock_mode":"","_global_stock_cap":"","_tribe_rsvp_for_event":"","_tribe_ticket_going_count":"","_tribe_ticket_not_going_count":"","_tribe_tickets_list":"[]","_tribe_ticket_has_attendee_info_fields":false,"footnotes":""},"categories":[107],"tags":[],"class_list":["post-50059","post","type-post","status-publish","format-standard","has-post-thumbnail","hentry","category-news"],"yoast_head":"<!-- This site is optimized with the Yoast SEO plugin v27.4 - https:\/\/yoast.com\/product\/yoast-seo-wordpress\/ -->\n<title>Invitation to lectures by guest lecturers Nenad Nedovi\u0107 and Danilo Vuji\u010di\u0107 - Fakulteta za vede o zdravju<\/title>\n<meta name=\"robots\" content=\"index, follow, max-snippet:-1, max-image-preview:large, max-video-preview:-1\" \/>\n<link rel=\"canonical\" href=\"https:\/\/fvz.upr.si\/en\/invitation-to-lectures-by-guest-lecturers-nenad-nedovic-and-danilo-vujicic\/\" \/>\n<meta property=\"og:locale\" content=\"en_US\" \/>\n<meta property=\"og:type\" content=\"article\" \/>\n<meta property=\"og:title\" content=\"Invitation to lectures by guest lecturers Nenad Nedovi\u0107 and Danilo Vuji\u010di\u0107 - Fakulteta za vede o zdravju\" \/>\n<meta property=\"og:description\" content=\"We invite you to a lecture by guest lecturers Nenad Nedovi\u0107 and Danilo Vuji\u010di\u0107 from The Academy of Applied Technical Studies, Belgrade. Nenad Nedovi\u0107 will present the topic: Joint stabilization [&hellip;]\" \/>\n<meta property=\"og:url\" content=\"https:\/\/fvz.upr.si\/en\/invitation-to-lectures-by-guest-lecturers-nenad-nedovic-and-danilo-vujicic\/\" \/>\n<meta property=\"og:site_name\" content=\"Fakulteta za vede o zdravju\" \/>\n<meta property=\"article:published_time\" content=\"2023-05-17T08:00:07+00:00\" \/>\n<meta property=\"article:modified_time\" content=\"2023-08-03T13:33:32+00:00\" \/>\n<meta property=\"og:image\" content=\"https:\/\/fvz.upr.si\/wp-content\/uploads\/2023\/05\/Nenad-Nedovic-in-Danilo-Vujicic-2.png\" \/>\n\t<meta property=\"og:image:width\" content=\"827\" \/>\n\t<meta property=\"og:image:height\" content=\"650\" \/>\n\t<meta property=\"og:image:type\" content=\"image\/png\" \/>\n<meta name=\"author\" content=\"Eva\" \/>\n<meta name=\"twitter:card\" content=\"summary_large_image\" \/>\n<meta name=\"twitter:label1\" content=\"Written by\" \/>\n\t<meta name=\"twitter:data1\" content=\"Eva\" \/>\n\t<meta name=\"twitter:label2\" content=\"Est. reading time\" \/>\n\t<meta name=\"twitter:data2\" content=\"1 minute\" \/>\n<script type=\"application\/ld+json\" class=\"yoast-schema-graph\">{\"@context\":\"https:\\\/\\\/schema.org\",\"@graph\":[{\"@type\":\"Article\",\"@id\":\"https:\\\/\\\/fvz.upr.si\\\/en\\\/invitation-to-lectures-by-guest-lecturers-nenad-nedovic-and-danilo-vujicic\\\/#article\",\"isPartOf\":{\"@id\":\"https:\\\/\\\/fvz.upr.si\\\/en\\\/invitation-to-lectures-by-guest-lecturers-nenad-nedovic-and-danilo-vujicic\\\/\"},\"author\":{\"name\":\"Eva\",\"@id\":\"https:\\\/\\\/fvz.upr.si\\\/#\\\/schema\\\/person\\\/e9076f4139a8aa47ca807ab0cf5b11f8\"},\"headline\":\"Invitation to lectures by guest lecturers Nenad Nedovi\u0107 and Danilo Vuji\u010di\u0107\",\"datePublished\":\"2023-05-17T08:00:07+00:00\",\"dateModified\":\"2023-08-03T13:33:32+00:00\",\"mainEntityOfPage\":{\"@id\":\"https:\\\/\\\/fvz.upr.si\\\/en\\\/invitation-to-lectures-by-guest-lecturers-nenad-nedovic-and-danilo-vujicic\\\/\"},\"wordCount\":165,\"publisher\":{\"@id\":\"https:\\\/\\\/fvz.upr.si\\\/#organization\"},\"image\":{\"@id\":\"https:\\\/\\\/fvz.upr.si\\\/en\\\/invitation-to-lectures-by-guest-lecturers-nenad-nedovic-and-danilo-vujicic\\\/#primaryimage\"},\"thumbnailUrl\":\"https:\\\/\\\/fvz.upr.si\\\/wp-content\\\/uploads\\\/2023\\\/05\\\/Nenad-Nedovic-in-Danilo-Vujicic-2.png\",\"articleSection\":[\"news\"],\"inLanguage\":\"en-US\"},{\"@type\":\"WebPage\",\"@id\":\"https:\\\/\\\/fvz.upr.si\\\/en\\\/invitation-to-lectures-by-guest-lecturers-nenad-nedovic-and-danilo-vujicic\\\/\",\"url\":\"https:\\\/\\\/fvz.upr.si\\\/en\\\/invitation-to-lectures-by-guest-lecturers-nenad-nedovic-and-danilo-vujicic\\\/\",\"name\":\"Invitation to lectures by guest lecturers Nenad Nedovi\u0107 and Danilo Vuji\u010di\u0107 - Fakulteta za vede o zdravju\",\"isPartOf\":{\"@id\":\"https:\\\/\\\/fvz.upr.si\\\/#website\"},\"primaryImageOfPage\":{\"@id\":\"https:\\\/\\\/fvz.upr.si\\\/en\\\/invitation-to-lectures-by-guest-lecturers-nenad-nedovic-and-danilo-vujicic\\\/#primaryimage\"},\"image\":{\"@id\":\"https:\\\/\\\/fvz.upr.si\\\/en\\\/invitation-to-lectures-by-guest-lecturers-nenad-nedovic-and-danilo-vujicic\\\/#primaryimage\"},\"thumbnailUrl\":\"https:\\\/\\\/fvz.upr.si\\\/wp-content\\\/uploads\\\/2023\\\/05\\\/Nenad-Nedovic-in-Danilo-Vujicic-2.png\",\"datePublished\":\"2023-05-17T08:00:07+00:00\",\"dateModified\":\"2023-08-03T13:33:32+00:00\",\"breadcrumb\":{\"@id\":\"https:\\\/\\\/fvz.upr.si\\\/en\\\/invitation-to-lectures-by-guest-lecturers-nenad-nedovic-and-danilo-vujicic\\\/#breadcrumb\"},\"inLanguage\":\"en-US\",\"potentialAction\":[{\"@type\":\"ReadAction\",\"target\":[\"https:\\\/\\\/fvz.upr.si\\\/en\\\/invitation-to-lectures-by-guest-lecturers-nenad-nedovic-and-danilo-vujicic\\\/\"]}]},{\"@type\":\"ImageObject\",\"inLanguage\":\"en-US\",\"@id\":\"https:\\\/\\\/fvz.upr.si\\\/en\\\/invitation-to-lectures-by-guest-lecturers-nenad-nedovic-and-danilo-vujicic\\\/#primaryimage\",\"url\":\"https:\\\/\\\/fvz.upr.si\\\/wp-content\\\/uploads\\\/2023\\\/05\\\/Nenad-Nedovic-in-Danilo-Vujicic-2.png\",\"contentUrl\":\"https:\\\/\\\/fvz.upr.si\\\/wp-content\\\/uploads\\\/2023\\\/05\\\/Nenad-Nedovic-in-Danilo-Vujicic-2.png\",\"width\":827,\"height\":650},{\"@type\":\"BreadcrumbList\",\"@id\":\"https:\\\/\\\/fvz.upr.si\\\/en\\\/invitation-to-lectures-by-guest-lecturers-nenad-nedovic-and-danilo-vujicic\\\/#breadcrumb\",\"itemListElement\":[{\"@type\":\"ListItem\",\"position\":1,\"name\":\"Home\",\"item\":\"https:\\\/\\\/fvz.upr.si\\\/\"},{\"@type\":\"ListItem\",\"position\":2,\"name\":\"Invitation to lectures by guest lecturers Nenad Nedovi\u0107 and Danilo Vuji\u010di\u0107\"}]},{\"@type\":\"WebSite\",\"@id\":\"https:\\\/\\\/fvz.upr.si\\\/#website\",\"url\":\"https:\\\/\\\/fvz.upr.si\\\/\",\"name\":\"Fakulteta za vede o zdravju\",\"description\":\"\u017divljenju dodajamo znanje.\",\"publisher\":{\"@id\":\"https:\\\/\\\/fvz.upr.si\\\/#organization\"},\"potentialAction\":[{\"@type\":\"SearchAction\",\"target\":{\"@type\":\"EntryPoint\",\"urlTemplate\":\"https:\\\/\\\/fvz.upr.si\\\/?s={search_term_string}\"},\"query-input\":{\"@type\":\"PropertyValueSpecification\",\"valueRequired\":true,\"valueName\":\"search_term_string\"}}],\"inLanguage\":\"en-US\"},{\"@type\":\"Organization\",\"@id\":\"https:\\\/\\\/fvz.upr.si\\\/#organization\",\"name\":\"Fakulteta za vede o zdravju\",\"url\":\"https:\\\/\\\/fvz.upr.si\\\/\",\"logo\":{\"@type\":\"ImageObject\",\"inLanguage\":\"en-US\",\"@id\":\"https:\\\/\\\/fvz.upr.si\\\/#\\\/schema\\\/logo\\\/image\\\/\",\"url\":\"https:\\\/\\\/fvz.upr.si\\\/wp-content\\\/uploads\\\/2019\\\/03\\\/UP-FVZ_logo-transparent.png\",\"contentUrl\":\"https:\\\/\\\/fvz.upr.si\\\/wp-content\\\/uploads\\\/2019\\\/03\\\/UP-FVZ_logo-transparent.png\",\"width\":1417,\"height\":792,\"caption\":\"Fakulteta za vede o zdravju\"},\"image\":{\"@id\":\"https:\\\/\\\/fvz.upr.si\\\/#\\\/schema\\\/logo\\\/image\\\/\"}},{\"@type\":\"Person\",\"@id\":\"https:\\\/\\\/fvz.upr.si\\\/#\\\/schema\\\/person\\\/e9076f4139a8aa47ca807ab0cf5b11f8\",\"name\":\"Eva\",\"image\":{\"@type\":\"ImageObject\",\"inLanguage\":\"en-US\",\"@id\":\"https:\\\/\\\/secure.gravatar.com\\\/avatar\\\/3022949c444acfb8153ff60c3b65f26dcb21684a0934f0bc0b5b21039212e2a6?s=96&d=mm&r=g\",\"url\":\"https:\\\/\\\/secure.gravatar.com\\\/avatar\\\/3022949c444acfb8153ff60c3b65f26dcb21684a0934f0bc0b5b21039212e2a6?s=96&d=mm&r=g\",\"contentUrl\":\"https:\\\/\\\/secure.gravatar.com\\\/avatar\\\/3022949c444acfb8153ff60c3b65f26dcb21684a0934f0bc0b5b21039212e2a6?s=96&d=mm&r=g\",\"caption\":\"Eva\"},\"url\":\"https:\\\/\\\/fvz.upr.si\\\/en\\\/author\\\/eva-lesnik\\\/\"}]}<\/script>\n<!-- \/ Yoast SEO plugin. -->","yoast_head_json":{"title":"Invitation to lectures by guest lecturers Nenad Nedovi\u0107 and Danilo Vuji\u010di\u0107 - Fakulteta za vede o zdravju","robots":{"index":"index","follow":"follow","max-snippet":"max-snippet:-1","max-image-preview":"max-image-preview:large","max-video-preview":"max-video-preview:-1"},"canonical":"https:\/\/fvz.upr.si\/en\/invitation-to-lectures-by-guest-lecturers-nenad-nedovic-and-danilo-vujicic\/","og_locale":"en_US","og_type":"article","og_title":"Invitation to lectures by guest lecturers Nenad Nedovi\u0107 and Danilo Vuji\u010di\u0107 - Fakulteta za vede o zdravju","og_description":"We invite you to a lecture by guest lecturers Nenad Nedovi\u0107 and Danilo Vuji\u010di\u0107 from The Academy of Applied Technical Studies, Belgrade. Nenad Nedovi\u0107 will present the topic: Joint stabilization [&hellip;]","og_url":"https:\/\/fvz.upr.si\/en\/invitation-to-lectures-by-guest-lecturers-nenad-nedovic-and-danilo-vujicic\/","og_site_name":"Fakulteta za vede o zdravju","article_published_time":"2023-05-17T08:00:07+00:00","article_modified_time":"2023-08-03T13:33:32+00:00","og_image":[{"width":827,"height":650,"url":"https:\/\/fvz.upr.si\/wp-content\/uploads\/2023\/05\/Nenad-Nedovic-in-Danilo-Vujicic-2.png","type":"image\/png"}],"author":"Eva","twitter_card":"summary_large_image","twitter_misc":{"Written by":"Eva","Est. reading time":"1 minute"},"schema":{"@context":"https:\/\/schema.org","@graph":[{"@type":"Article","@id":"https:\/\/fvz.upr.si\/en\/invitation-to-lectures-by-guest-lecturers-nenad-nedovic-and-danilo-vujicic\/#article","isPartOf":{"@id":"https:\/\/fvz.upr.si\/en\/invitation-to-lectures-by-guest-lecturers-nenad-nedovic-and-danilo-vujicic\/"},"author":{"name":"Eva","@id":"https:\/\/fvz.upr.si\/#\/schema\/person\/e9076f4139a8aa47ca807ab0cf5b11f8"},"headline":"Invitation to lectures by guest lecturers Nenad Nedovi\u0107 and Danilo Vuji\u010di\u0107","datePublished":"2023-05-17T08:00:07+00:00","dateModified":"2023-08-03T13:33:32+00:00","mainEntityOfPage":{"@id":"https:\/\/fvz.upr.si\/en\/invitation-to-lectures-by-guest-lecturers-nenad-nedovic-and-danilo-vujicic\/"},"wordCount":165,"publisher":{"@id":"https:\/\/fvz.upr.si\/#organization"},"image":{"@id":"https:\/\/fvz.upr.si\/en\/invitation-to-lectures-by-guest-lecturers-nenad-nedovic-and-danilo-vujicic\/#primaryimage"},"thumbnailUrl":"https:\/\/fvz.upr.si\/wp-content\/uploads\/2023\/05\/Nenad-Nedovic-in-Danilo-Vujicic-2.png","articleSection":["news"],"inLanguage":"en-US"},{"@type":"WebPage","@id":"https:\/\/fvz.upr.si\/en\/invitation-to-lectures-by-guest-lecturers-nenad-nedovic-and-danilo-vujicic\/","url":"https:\/\/fvz.upr.si\/en\/invitation-to-lectures-by-guest-lecturers-nenad-nedovic-and-danilo-vujicic\/","name":"Invitation to lectures by guest lecturers Nenad Nedovi\u0107 and Danilo Vuji\u010di\u0107 - Fakulteta za vede o zdravju","isPartOf":{"@id":"https:\/\/fvz.upr.si\/#website"},"primaryImageOfPage":{"@id":"https:\/\/fvz.upr.si\/en\/invitation-to-lectures-by-guest-lecturers-nenad-nedovic-and-danilo-vujicic\/#primaryimage"},"image":{"@id":"https:\/\/fvz.upr.si\/en\/invitation-to-lectures-by-guest-lecturers-nenad-nedovic-and-danilo-vujicic\/#primaryimage"},"thumbnailUrl":"https:\/\/fvz.upr.si\/wp-content\/uploads\/2023\/05\/Nenad-Nedovic-in-Danilo-Vujicic-2.png","datePublished":"2023-05-17T08:00:07+00:00","dateModified":"2023-08-03T13:33:32+00:00","breadcrumb":{"@id":"https:\/\/fvz.upr.si\/en\/invitation-to-lectures-by-guest-lecturers-nenad-nedovic-and-danilo-vujicic\/#breadcrumb"},"inLanguage":"en-US","potentialAction":[{"@type":"ReadAction","target":["https:\/\/fvz.upr.si\/en\/invitation-to-lectures-by-guest-lecturers-nenad-nedovic-and-danilo-vujicic\/"]}]},{"@type":"ImageObject","inLanguage":"en-US","@id":"https:\/\/fvz.upr.si\/en\/invitation-to-lectures-by-guest-lecturers-nenad-nedovic-and-danilo-vujicic\/#primaryimage","url":"https:\/\/fvz.upr.si\/wp-content\/uploads\/2023\/05\/Nenad-Nedovic-in-Danilo-Vujicic-2.png","contentUrl":"https:\/\/fvz.upr.si\/wp-content\/uploads\/2023\/05\/Nenad-Nedovic-in-Danilo-Vujicic-2.png","width":827,"height":650},{"@type":"BreadcrumbList","@id":"https:\/\/fvz.upr.si\/en\/invitation-to-lectures-by-guest-lecturers-nenad-nedovic-and-danilo-vujicic\/#breadcrumb","itemListElement":[{"@type":"ListItem","position":1,"name":"Home","item":"https:\/\/fvz.upr.si\/"},{"@type":"ListItem","position":2,"name":"Invitation to lectures by guest lecturers Nenad Nedovi\u0107 and Danilo Vuji\u010di\u0107"}]},{"@type":"WebSite","@id":"https:\/\/fvz.upr.si\/#website","url":"https:\/\/fvz.upr.si\/","name":"Fakulteta za vede o zdravju","description":"\u017divljenju dodajamo znanje.","publisher":{"@id":"https:\/\/fvz.upr.si\/#organization"},"potentialAction":[{"@type":"SearchAction","target":{"@type":"EntryPoint","urlTemplate":"https:\/\/fvz.upr.si\/?s={search_term_string}"},"query-input":{"@type":"PropertyValueSpecification","valueRequired":true,"valueName":"search_term_string"}}],"inLanguage":"en-US"},{"@type":"Organization","@id":"https:\/\/fvz.upr.si\/#organization","name":"Fakulteta za vede o zdravju","url":"https:\/\/fvz.upr.si\/","logo":{"@type":"ImageObject","inLanguage":"en-US","@id":"https:\/\/fvz.upr.si\/#\/schema\/logo\/image\/","url":"https:\/\/fvz.upr.si\/wp-content\/uploads\/2019\/03\/UP-FVZ_logo-transparent.png","contentUrl":"https:\/\/fvz.upr.si\/wp-content\/uploads\/2019\/03\/UP-FVZ_logo-transparent.png","width":1417,"height":792,"caption":"Fakulteta za vede o zdravju"},"image":{"@id":"https:\/\/fvz.upr.si\/#\/schema\/logo\/image\/"}},{"@type":"Person","@id":"https:\/\/fvz.upr.si\/#\/schema\/person\/e9076f4139a8aa47ca807ab0cf5b11f8","name":"Eva","image":{"@type":"ImageObject","inLanguage":"en-US","@id":"https:\/\/secure.gravatar.com\/avatar\/3022949c444acfb8153ff60c3b65f26dcb21684a0934f0bc0b5b21039212e2a6?s=96&d=mm&r=g","url":"https:\/\/secure.gravatar.com\/avatar\/3022949c444acfb8153ff60c3b65f26dcb21684a0934f0bc0b5b21039212e2a6?s=96&d=mm&r=g","contentUrl":"https:\/\/secure.gravatar.com\/avatar\/3022949c444acfb8153ff60c3b65f26dcb21684a0934f0bc0b5b21039212e2a6?s=96&d=mm&r=g","caption":"Eva"},"url":"https:\/\/fvz.upr.si\/en\/author\/eva-lesnik\/"}]}},"_links":{"self":[{"href":"https:\/\/fvz.upr.si\/en\/wp-json\/wp\/v2\/posts\/50059","targetHints":{"allow":["GET"]}}],"collection":[{"href":"https:\/\/fvz.upr.si\/en\/wp-json\/wp\/v2\/posts"}],"about":[{"href":"https:\/\/fvz.upr.si\/en\/wp-json\/wp\/v2\/types\/post"}],"author":[{"embeddable":true,"href":"https:\/\/fvz.upr.si\/en\/wp-json\/wp\/v2\/users\/16"}],"replies":[{"embeddable":true,"href":"https:\/\/fvz.upr.si\/en\/wp-json\/wp\/v2\/comments?post=50059"}],"version-history":[{"count":5,"href":"https:\/\/fvz.upr.si\/en\/wp-json\/wp\/v2\/posts\/50059\/revisions"}],"predecessor-version":[{"id":50067,"href":"https:\/\/fvz.upr.si\/en\/wp-json\/wp\/v2\/posts\/50059\/revisions\/50067"}],"wp:featuredmedia":[{"embeddable":true,"href":"https:\/\/fvz.upr.si\/en\/wp-json\/wp\/v2\/media\/50064"}],"wp:attachment":[{"href":"https:\/\/fvz.upr.si\/en\/wp-json\/wp\/v2\/media?parent=50059"}],"wp:term":[{"taxonomy":"category","embeddable":true,"href":"https:\/\/fvz.upr.si\/en\/wp-json\/wp\/v2\/categories?post=50059"},{"taxonomy":"post_tag","embeddable":true,"href":"https:\/\/fvz.upr.si\/en\/wp-json\/wp\/v2\/tags?post=50059"}],"curies":[{"name":"wp","href":"https:\/\/api.w.org\/{rel}","templated":true}]}}